{"id":149511,"date":"2025-08-04T15:57:40","date_gmt":"2025-08-04T15:57:40","guid":{"rendered":"https:\/\/www.pololine.com\/?p=149511"},"modified":"2025-08-04T20:28:35","modified_gmt":"2025-08-04T20:28:35","slug":"la-historia-detras-del-casco-de-facundo-sola","status":"publish","type":"post","link":"https:\/\/pololine.slorusso.com\/es\/destacado\/la-historia-detras-del-casco-de-facundo-sola\/","title":{"rendered":"La historia detr\u00e1s del casco de Facundo Sola"},"content":{"rendered":"<p>Tras ser campe\u00f3n de la<strong> Copa de Bronce del Mediano H\u00e1ndicap con Muda IZ Polo<\/strong>, equipo nuevo en el polo de Sotogrande, <strong>Facundo Sola<\/strong> habl\u00f3 con Pololine y coment\u00f3 acerca de la linda historia que hay detr\u00e1s del dibujo que lleva en su casco.<\/p>\n<p>El dise\u00f1o que luce hoy en d\u00eda el jugador de Triple Corona, es de un azul oscuro, en donde destacan varios dibujos en la parte trasera. En el costado izquierdo tiene un peque\u00f1o dibujo de un perro salchicha, en honor a su mascota. Al lado del animal, surge una mariposa, y del costado derecho una Camelia, en honor a su hija que lleva el mismo nombre. Por \u00faltimo, el gran protagonista del casco es la cara de un tigre, justo en el centro de la parte trasera. Facu explica que el motivo de llevar ese animal en el dise\u00f1o, es que el apodo de su padre era justamente tigre.<\/p>\n<p><strong>Los dibujos fueron realizados por su prima Milagros Scopa, quien es artista, y logr\u00f3 llevar a la perfecci\u00f3n el pedido de Facundo, quien tendr\u00e1 a lo largo de todo el a\u00f1o, a su padre y a su hija cuid\u00e1ndole la espalda.<\/strong><\/p>\n<p>Mir\u00e1 la nota completa <a href=\"https:\/\/www.pololine.tv\/copa-de-bronce-2025-facundo-sola\/\">ac\u00e1<\/a>.<\/p>\n","protected":false},"excerpt":{"rendered":"<p>Tras ser campe\u00f3n de la Copa de Bronce del Mediano H\u00e1ndicap con Muda IZ Polo, equipo nuevo en el polo de Sotogrande, Facundo Sola habl\u00f3 con Pololine y coment\u00f3 acerca de la linda historia que hay detr\u00e1s del dibujo que lleva en su casco. El dise\u00f1o que luce hoy en d\u00eda el jugador de Triple&nbsp;<\/p>\n<p><a class=\"btn btn-style\" href=\"https:\/\/pololine.slorusso.com\/es\/destacado\/la-historia-detras-del-casco-de-facundo-sola\/\">Continue Reading<\/a><\/p>\n","protected":false},"author":17,"featured_media":149528,"comment_status":"closed","ping_status":"closed","sticky":false,"template":"","format":"standard","meta":{"_mi_skip_tracking":false,"_monsterinsights_sitenote_active":false,"_monsterinsights_sitenote_note":"","_monsterinsights_sitenote_category":0,"footnotes":""},"categories":[144,527],"tags":[1052],"class_list":["post-149511","post","type-post","status-publish","format-standard","has-post-thumbnail","hentry","category-articulos","category-destacado","tag-historias-de-polo"],"_links":{"self":[{"href":"https:\/\/pololine.slorusso.com\/es\/wp-json\/wp\/v2\/posts\/149511\/"}],"collection":[{"href":"https:\/\/pololine.slorusso.com\/es\/wp-json\/wp\/v2\/posts\/"}],"about":[{"href":"https:\/\/pololine.slorusso.com\/es\/wp-json\/wp\/v2\/types\/post\/"}],"author":[{"embeddable":true,"href":"https:\/\/pololine.slorusso.com\/es\/wp-json\/wp\/v2\/users\/17\/"}],"replies":[{"embeddable":true,"href":"https:\/\/pololine.slorusso.com\/es\/wp-json\/wp\/v2\/comments\/?post=149511"}],"version-history":[{"count":1,"href":"https:\/\/pololine.slorusso.com\/es\/wp-json\/wp\/v2\/posts\/149511\/revisions\/"}],"predecessor-version":[{"id":149514,"href":"https:\/\/pololine.slorusso.com\/es\/wp-json\/wp\/v2\/posts\/149511\/revisions\/149514\/"}],"wp:featuredmedia":[{"embeddable":true,"href":"https:\/\/pololine.slorusso.com\/es\/wp-json\/wp\/v2\/media\/149528\/"}],"wp:attachment":[{"href":"https:\/\/pololine.slorusso.com\/es\/wp-json\/wp\/v2\/media\/?parent=149511"}],"wp:term":[{"taxonomy":"category","embeddable":true,"href":"https:\/\/pololine.slorusso.com\/es\/wp-json\/wp\/v2\/categories\/?post=149511"},{"taxonomy":"post_tag","embeddable":true,"href":"https:\/\/pololine.slorusso.com\/es\/wp-json\/wp\/v2\/tags\/?post=149511"}],"curies":[{"name":"wp","href":"https:\/\/api.w.org\/{rel}","templated":true}]}}