{"id":151423,"date":"2025-10-31T14:57:21","date_gmt":"2025-10-31T14:57:21","guid":{"rendered":"https:\/\/www.pololine.com\/?p=151423"},"modified":"2025-10-31T14:57:21","modified_gmt":"2025-10-31T14:57:21","slug":"louis-devaleix-el-apoyo-a-la-hache-y-su-futuro-en-el-polo","status":"publish","type":"post","link":"https:\/\/pololine.slorusso.com\/es\/destacado\/louis-devaleix-el-apoyo-a-la-hache-y-su-futuro-en-el-polo\/","title":{"rendered":"Louis Devaleix: el apoyo a La Hache y su futuro en el polo"},"content":{"rendered":"<p>El torneo que se est\u00e1 llevando a cabo en <strong>La Hache Polo Club<\/strong>, justamente copa nombrada de la misma manera que el club, le da la oportunidad a patrones de todo el mundo de poder competir en un torneo de hasta veinte goles de h\u00e1ndicap y con la posibilidad tambi\u00e9n de jugar al lado de polistas de Triple Corona.<\/p>\n<p><strong>Louis Devaleix, patr\u00f3n de La Fe,<\/strong> est\u00e1 en su segundo a\u00f1o participando de dicho torneo, pero es la primera vez que el juega, anteriormente lo hab\u00eda hecho su organizaci\u00f3n en representaci\u00f3n suya. Tras su \u00faltimo encuentro disputado en La Hache ante La Esperanza, <strong>Louis habl\u00f3 con Pololine<\/strong> sobre su apoyo hacia la organizaci\u00f3n de la familia Ulloa, su relaci\u00f3n con Fran Elizalde, y como comienza a planear su temporada de polo en el 2026.<\/p>\n<p><strong>Podes ver la entrevista completa en <a href=\"https:\/\/www.pololine.tv\/copa-la-hache-2025-louis-devaleix\/\">Pololine.tv<\/a><\/strong><\/p>\n","protected":false},"excerpt":{"rendered":"<p>El torneo que se est\u00e1 llevando a cabo en La Hache Polo Club, justamente copa nombrada de la misma manera que el club, le da la oportunidad a patrones de todo el mundo de poder competir en un torneo de hasta veinte goles de h\u00e1ndicap y con la posibilidad tambi\u00e9n de jugar al lado de&nbsp;<\/p>\n<p><a class=\"btn btn-style\" href=\"https:\/\/pololine.slorusso.com\/es\/destacado\/louis-devaleix-el-apoyo-a-la-hache-y-su-futuro-en-el-polo\/\">Continue Reading<\/a><\/p>\n","protected":false},"author":17,"featured_media":151399,"comment_status":"closed","ping_status":"closed","sticky":false,"template":"","format":"standard","meta":{"_mi_skip_tracking":false,"_monsterinsights_sitenote_active":false,"_monsterinsights_sitenote_note":"","_monsterinsights_sitenote_category":0,"footnotes":""},"categories":[527,149],"tags":[1941],"class_list":["post-151423","post","type-post","status-publish","format-standard","has-post-thumbnail","hentry","category-destacado","category-entrevistas","tag-louis-devaleix-con-pololine"],"_links":{"self":[{"href":"https:\/\/pololine.slorusso.com\/es\/wp-json\/wp\/v2\/posts\/151423\/"}],"collection":[{"href":"https:\/\/pololine.slorusso.com\/es\/wp-json\/wp\/v2\/posts\/"}],"about":[{"href":"https:\/\/pololine.slorusso.com\/es\/wp-json\/wp\/v2\/types\/post\/"}],"author":[{"embeddable":true,"href":"https:\/\/pololine.slorusso.com\/es\/wp-json\/wp\/v2\/users\/17\/"}],"replies":[{"embeddable":true,"href":"https:\/\/pololine.slorusso.com\/es\/wp-json\/wp\/v2\/comments\/?post=151423"}],"version-history":[{"count":1,"href":"https:\/\/pololine.slorusso.com\/es\/wp-json\/wp\/v2\/posts\/151423\/revisions\/"}],"predecessor-version":[{"id":151424,"href":"https:\/\/pololine.slorusso.com\/es\/wp-json\/wp\/v2\/posts\/151423\/revisions\/151424\/"}],"wp:featuredmedia":[{"embeddable":true,"href":"https:\/\/pololine.slorusso.com\/es\/wp-json\/wp\/v2\/media\/151399\/"}],"wp:attachment":[{"href":"https:\/\/pololine.slorusso.com\/es\/wp-json\/wp\/v2\/media\/?parent=151423"}],"wp:term":[{"taxonomy":"category","embeddable":true,"href":"https:\/\/pololine.slorusso.com\/es\/wp-json\/wp\/v2\/categories\/?post=151423"},{"taxonomy":"post_tag","embeddable":true,"href":"https:\/\/pololine.slorusso.com\/es\/wp-json\/wp\/v2\/tags\/?post=151423"}],"curies":[{"name":"wp","href":"https:\/\/api.w.org\/{rel}","templated":true}]}}