{"id":152576,"date":"2026-01-17T07:10:34","date_gmt":"2026-01-17T07:10:34","guid":{"rendered":"https:\/\/www.pololine.com\/?p=152576"},"modified":"2026-01-17T07:10:34","modified_gmt":"2026-01-17T07:10:34","slug":"son-cinco-anos-viniendo-a-alula-y-es-increible-como-crecio-todo","status":"publish","type":"post","link":"https:\/\/pololine.slorusso.com\/es\/destacado\/son-cinco-anos-viniendo-a-alula-y-es-increible-como-crecio-todo\/","title":{"rendered":"\u00abSon cinco a\u00f1os viniendo a AlUla y es incre\u00edble como creci\u00f3 todo\u00bb"},"content":{"rendered":"<p>Este s\u00e1bado 17 de enero se llevar\u00e1 a cabo la final del <strong>AlUla Desert Polo<\/strong>, en donde se medir\u00e1n <strong>AlUla y Defender<\/strong>. En este segundo equipo se encuentra\u00a0<strong>Pablo Mac Donough<\/strong>, figura estelar del mundo del polo y quien asisti\u00f3casi desde la primera edici\u00f3n. El argentino buscar\u00e1 volver a levantar la copa al igual que lo logr\u00f3 hacer en el 2025.<\/p>\n<p>Tras la clasificaci\u00f3n a la final en la primera jornada de partido, <strong>el jugador de La Irenita en Argentina, habl\u00f3 con Pololine y<\/strong> dej\u00f3 varios t\u00edtulos relacionados al crecimiento de Arabia Saudita en los \u00faltimos a\u00f1os, como piensa que podr\u00eda extenderse la temporada en la zona en el futuro y por \u00faltimo, las expectativas y el porque del nuevo equipo que conform\u00f3 para la Clasificaci\u00f3n al Abierto Argentino de Polo en este 2026.<\/p>\n<p>Podes ver la entrevista completa en <strong><a href=\"https:\/\/www.pololine.tv\/alula-desert-polo-pablo-mac-donough\/\">Pololine.tv<\/a><\/strong><\/p>\n","protected":false},"excerpt":{"rendered":"<p>Este s\u00e1bado 17 de enero se llevar\u00e1 a cabo la final del AlUla Desert Polo, en donde se medir\u00e1n AlUla y Defender. En este segundo equipo se encuentra\u00a0Pablo Mac Donough, figura estelar del mundo del polo y quien asisti\u00f3casi desde la primera edici\u00f3n. El argentino buscar\u00e1 volver a levantar la copa al igual que lo&nbsp;<\/p>\n<p><a class=\"btn btn-style\" href=\"https:\/\/pololine.slorusso.com\/es\/destacado\/son-cinco-anos-viniendo-a-alula-y-es-increible-como-crecio-todo\/\">Continue Reading<\/a><\/p>\n","protected":false},"author":17,"featured_media":152577,"comment_status":"closed","ping_status":"closed","sticky":false,"template":"","format":"standard","meta":{"_mi_skip_tracking":false,"_monsterinsights_sitenote_active":false,"_monsterinsights_sitenote_note":"","_monsterinsights_sitenote_category":0,"footnotes":""},"categories":[527,149],"tags":[669],"class_list":["post-152576","post","type-post","status-publish","format-standard","has-post-thumbnail","hentry","category-destacado","category-entrevistas","tag-pablo-mac-donough-con-pololine"],"_links":{"self":[{"href":"https:\/\/pololine.slorusso.com\/es\/wp-json\/wp\/v2\/posts\/152576\/"}],"collection":[{"href":"https:\/\/pololine.slorusso.com\/es\/wp-json\/wp\/v2\/posts\/"}],"about":[{"href":"https:\/\/pololine.slorusso.com\/es\/wp-json\/wp\/v2\/types\/post\/"}],"author":[{"embeddable":true,"href":"https:\/\/pololine.slorusso.com\/es\/wp-json\/wp\/v2\/users\/17\/"}],"replies":[{"embeddable":true,"href":"https:\/\/pololine.slorusso.com\/es\/wp-json\/wp\/v2\/comments\/?post=152576"}],"version-history":[{"count":1,"href":"https:\/\/pololine.slorusso.com\/es\/wp-json\/wp\/v2\/posts\/152576\/revisions\/"}],"predecessor-version":[{"id":152579,"href":"https:\/\/pololine.slorusso.com\/es\/wp-json\/wp\/v2\/posts\/152576\/revisions\/152579\/"}],"wp:featuredmedia":[{"embeddable":true,"href":"https:\/\/pololine.slorusso.com\/es\/wp-json\/wp\/v2\/media\/152577\/"}],"wp:attachment":[{"href":"https:\/\/pololine.slorusso.com\/es\/wp-json\/wp\/v2\/media\/?parent=152576"}],"wp:term":[{"taxonomy":"category","embeddable":true,"href":"https:\/\/pololine.slorusso.com\/es\/wp-json\/wp\/v2\/categories\/?post=152576"},{"taxonomy":"post_tag","embeddable":true,"href":"https:\/\/pololine.slorusso.com\/es\/wp-json\/wp\/v2\/tags\/?post=152576"}],"curies":[{"name":"wp","href":"https:\/\/api.w.org\/{rel}","templated":true}]}}