{"id":154677,"date":"2026-03-26T22:57:25","date_gmt":"2026-03-26T22:57:25","guid":{"rendered":"https:\/\/www.pololine.com\/?p=154677"},"modified":"2026-03-26T22:57:25","modified_gmt":"2026-03-26T22:57:25","slug":"todo-listo-para-una-nueva-edicion-del-iberian-polo-tour-de-primavera","status":"publish","type":"post","link":"https:\/\/pololine.slorusso.com\/es\/noticias\/todo-listo-para-una-nueva-edicion-del-iberian-polo-tour-de-primavera\/","title":{"rendered":"Todo listo para una nueva edici\u00f3n del Iberian Polo Tour de Primavera"},"content":{"rendered":"<p>Como todos los a\u00f1os, en <strong>Espa\u00f1a<\/strong>, previo al inicio de la temporada alta de verano, <strong>el Iberian Polo Tour<\/strong> dar\u00e1 el puntapi\u00e9 inicial a la actividad de polo en primavera. Esta iniciativa impulsada por el campe\u00f3n del mundo con la selecci\u00f3n espa\u00f1ola, <strong>Pelayo Berazadi<\/strong>; sigue escalando en importancia y prestigio.<\/p>\n<p>La acci\u00f3n comenzar\u00e1 en <strong>Sotogrande<\/strong>, en donde se disputar\u00e1n tres torneos de manera consecutiva. El primero ser\u00e1 el Memorial Juan Ignacio Domecq, que contar\u00e1 con siete formaciones de hasta ocho goles de h\u00e1ndicap. Los equipos se dividir\u00e1n entre dos grupos, uno de cuatro y el segundo de tres; el certamen durar\u00e1 dos semanas. La final est\u00e1 pactada para el domingo doce de abril en la cancha uno del <strong>Ayala Polo Club.<\/strong><\/p>\n<p>Luego del tercer torneo en el Ayala Polo Club, el Iberian Polo Tour se mudar\u00e1 a <strong>Madrid<\/strong>, donde har\u00e1 dos torneos durante junio para darle el broche a la temporada de primavera.<\/p>\n<p><strong>Equipos participantes:<\/strong><\/p>\n<p><strong>-Quinto Elemento<\/strong>: Lucia Gesell 0, Philipp Gesell 0, Nicol\u00e1s L\u00f3pez Fuentes 4, Gerardo Mazzini 4. Total: 8 goles.<\/p>\n<p><strong>-La Hechicera<\/strong>: Pablo Galante 0, Pascual \u00c1lvarez 1, Mario G\u00f3mez 3, Malcom Borwick 4. Total: 8 goles.<\/p>\n<p><strong>-Quattro Estrellas Jera Polo:<\/strong> Justin Taylor\/ Peter O\u2019rorke 0, I\u00f1igo Rufino 1, Christian Chaves 3, Matt Evetts 4. Total: 8 goles.<\/p>\n<p><strong>-Savoir Polo Team<\/strong>: Alana Savoir -1, Liam Savoir 0, Alejo Badano 4, Pelayo Berazadi 5. Total: 8 goles.<\/p>\n<p><strong>-1896 Polothanda<\/strong>: Mar\u00eda Curtchis 0, Ahmed Kadiri 0, Yahoo Espinosa 2, Segundo Fern\u00e1ndez Llorente 5. Total: 7 goles.<\/p>\n<p><strong>-RC Pineda Monte Dos Duques<\/strong>: Felipe M. de Almeida 0, Pedro Beca 2, Nicol\u00e1s \u00c1lvarez 2, Diogo Gallego 3. Total: 7 goles.<\/p>\n<p><strong>-Elemental<\/strong>: Christopher Brokner 0, Raffi Brokner 1, Nacho Gonz\u00e1lez 3, Jack Hyde 4. Total: 8 goles.<\/p>\n<p><strong>Calendario Iberian Polo Tour Primavera:<\/strong><\/p>\n<p>-Memorial Juan Ignacio Domecq: del 2 al 12 de abril<\/p>\n<p>-Copa FAP: del 16 al 19 de abril<\/p>\n<p>-Bar\u00f3n de Strabrock: del 23 al 26 de abril<\/p>\n","protected":false},"excerpt":{"rendered":"<p>Como todos los a\u00f1os, en Espa\u00f1a, previo al inicio de la temporada alta de verano, el Iberian Polo Tour dar\u00e1 el puntapi\u00e9 inicial a la actividad de polo en primavera. Esta iniciativa impulsada por el campe\u00f3n del mundo con la selecci\u00f3n espa\u00f1ola, Pelayo Berazadi; sigue escalando en importancia y prestigio. La acci\u00f3n comenzar\u00e1 en Sotogrande,&nbsp;<\/p>\n<p><a class=\"btn btn-style\" href=\"https:\/\/pololine.slorusso.com\/es\/noticias\/todo-listo-para-una-nueva-edicion-del-iberian-polo-tour-de-primavera\/\">Continue Reading<\/a><\/p>\n","protected":false},"author":17,"featured_media":94566,"comment_status":"closed","ping_status":"closed","sticky":false,"template":"","format":"standard","meta":{"_mi_skip_tracking":false,"_monsterinsights_sitenote_active":false,"_monsterinsights_sitenote_note":"","_monsterinsights_sitenote_category":0,"footnotes":""},"categories":[527,142],"tags":[740],"class_list":["post-154677","post","type-post","status-publish","format-standard","has-post-thumbnail","hentry","category-destacado","category-noticias","tag-polo-en-espana"],"_links":{"self":[{"href":"https:\/\/pololine.slorusso.com\/es\/wp-json\/wp\/v2\/posts\/154677\/"}],"collection":[{"href":"https:\/\/pololine.slorusso.com\/es\/wp-json\/wp\/v2\/posts\/"}],"about":[{"href":"https:\/\/pololine.slorusso.com\/es\/wp-json\/wp\/v2\/types\/post\/"}],"author":[{"embeddable":true,"href":"https:\/\/pololine.slorusso.com\/es\/wp-json\/wp\/v2\/users\/17\/"}],"replies":[{"embeddable":true,"href":"https:\/\/pololine.slorusso.com\/es\/wp-json\/wp\/v2\/comments\/?post=154677"}],"version-history":[{"count":1,"href":"https:\/\/pololine.slorusso.com\/es\/wp-json\/wp\/v2\/posts\/154677\/revisions\/"}],"predecessor-version":[{"id":154678,"href":"https:\/\/pololine.slorusso.com\/es\/wp-json\/wp\/v2\/posts\/154677\/revisions\/154678\/"}],"wp:featuredmedia":[{"embeddable":true,"href":"https:\/\/pololine.slorusso.com\/es\/wp-json\/wp\/v2\/media\/94566\/"}],"wp:attachment":[{"href":"https:\/\/pololine.slorusso.com\/es\/wp-json\/wp\/v2\/media\/?parent=154677"}],"wp:term":[{"taxonomy":"category","embeddable":true,"href":"https:\/\/pololine.slorusso.com\/es\/wp-json\/wp\/v2\/categories\/?post=154677"},{"taxonomy":"post_tag","embeddable":true,"href":"https:\/\/pololine.slorusso.com\/es\/wp-json\/wp\/v2\/tags\/?post=154677"}],"curies":[{"name":"wp","href":"https:\/\/api.w.org\/{rel}","templated":true}]}}