{"id":155479,"date":"2026-04-30T15:21:38","date_gmt":"2026-04-30T15:21:38","guid":{"rendered":"https:\/\/www.pololine.com\/?p=155479"},"modified":"2026-04-30T15:21:38","modified_gmt":"2026-04-30T15:21:38","slug":"manu-cereceda-cuenta-el-balance-de-la-temporada-en-plyrs-y-el-camino-a-seguir-de-este-2026","status":"publish","type":"post","link":"https:\/\/pololine.slorusso.com\/es\/destacado\/manu-cereceda-cuenta-el-balance-de-la-temporada-en-plyrs-y-el-camino-a-seguir-de-este-2026\/","title":{"rendered":"Manu Cereceda cuenta el balance de la temporada en PLYRS y el camino a seguir de este 2026"},"content":{"rendered":"<p>En los Estados Unidos, m\u00e1s concretamente en Wellington, la temporada de polo se vive agitadamente durante los meses correspondiente al invierno en esa parte del mundo. El Gauntlet of Polo, el Wellington Polo Tour y los torneos en Grand Champions se suelen llevar los focos, pero en este 2026 apareci\u00f3 un nuevo club que fue host de varias competencias: <strong>el PLYRS Polo Club.\u00a0<\/strong><\/p>\n<p>El nuevo club en la zona, de la mano de <strong>Minuto Siete<\/strong>, organiz\u00f3 ocho exitosos torneos, en donde jugadores de todas partes del mundo dijeron presente. Tras la finalizaci\u00f3n del \u00faltimo, <strong>la Centennial Cup; Manuel Cereceda, fundador de Minuto Siete, habl\u00f3 con Pololine.<\/strong> En la entrevista destac\u00f3 el balance de esta primera temporada en PLYRS, los objetivos durante el a\u00f1o de su organizaci\u00f3n, como ve el 2026 en Sotogrande, y lo que avisora para la temporada argentina de primavera.<\/p>\n<p><strong>Podes ver la entrevista completa en <a href=\"https:\/\/www.pololine.tv\/manuel-cereceda-2\/\">Pololine.tv<\/a><\/strong><\/p>\n","protected":false},"excerpt":{"rendered":"<p>En los Estados Unidos, m\u00e1s concretamente en Wellington, la temporada de polo se vive agitadamente durante los meses correspondiente al invierno en esa parte del mundo. El Gauntlet of Polo, el Wellington Polo Tour y los torneos en Grand Champions se suelen llevar los focos, pero en este 2026 apareci\u00f3 un nuevo club que fue&nbsp;<\/p>\n<p><a class=\"btn btn-style\" href=\"https:\/\/pololine.slorusso.com\/es\/destacado\/manu-cereceda-cuenta-el-balance-de-la-temporada-en-plyrs-y-el-camino-a-seguir-de-este-2026\/\">Continue Reading<\/a><\/p>\n","protected":false},"author":17,"featured_media":155480,"comment_status":"closed","ping_status":"closed","sticky":false,"template":"","format":"standard","meta":{"_mi_skip_tracking":false,"_monsterinsights_sitenote_active":false,"_monsterinsights_sitenote_note":"","_monsterinsights_sitenote_category":0,"footnotes":""},"categories":[527,149],"tags":[2023],"class_list":["post-155479","post","type-post","status-publish","format-standard","has-post-thumbnail","hentry","category-destacado","category-entrevistas","tag-manuel-cereceda-con-pololine"],"_links":{"self":[{"href":"https:\/\/pololine.slorusso.com\/es\/wp-json\/wp\/v2\/posts\/155479\/"}],"collection":[{"href":"https:\/\/pololine.slorusso.com\/es\/wp-json\/wp\/v2\/posts\/"}],"about":[{"href":"https:\/\/pololine.slorusso.com\/es\/wp-json\/wp\/v2\/types\/post\/"}],"author":[{"embeddable":true,"href":"https:\/\/pololine.slorusso.com\/es\/wp-json\/wp\/v2\/users\/17\/"}],"replies":[{"embeddable":true,"href":"https:\/\/pololine.slorusso.com\/es\/wp-json\/wp\/v2\/comments\/?post=155479"}],"version-history":[{"count":1,"href":"https:\/\/pololine.slorusso.com\/es\/wp-json\/wp\/v2\/posts\/155479\/revisions\/"}],"predecessor-version":[{"id":155482,"href":"https:\/\/pololine.slorusso.com\/es\/wp-json\/wp\/v2\/posts\/155479\/revisions\/155482\/"}],"wp:featuredmedia":[{"embeddable":true,"href":"https:\/\/pololine.slorusso.com\/es\/wp-json\/wp\/v2\/media\/155480\/"}],"wp:attachment":[{"href":"https:\/\/pololine.slorusso.com\/es\/wp-json\/wp\/v2\/media\/?parent=155479"}],"wp:term":[{"taxonomy":"category","embeddable":true,"href":"https:\/\/pololine.slorusso.com\/es\/wp-json\/wp\/v2\/categories\/?post=155479"},{"taxonomy":"post_tag","embeddable":true,"href":"https:\/\/pololine.slorusso.com\/es\/wp-json\/wp\/v2\/tags\/?post=155479"}],"curies":[{"name":"wp","href":"https:\/\/api.w.org\/{rel}","templated":true}]}}