{"id":156528,"date":"2026-06-11T11:35:28","date_gmt":"2026-06-11T11:35:28","guid":{"rendered":"https:\/\/www.pololine.com\/?p=156528"},"modified":"2026-06-11T11:35:28","modified_gmt":"2026-06-11T11:35:28","slug":"diego-cavanagh-hablo-tras-la-clasificacion-a-la-final-de-la-queens-cup","status":"publish","type":"post","link":"https:\/\/pololine.slorusso.com\/es\/destacado\/diego-cavanagh-hablo-tras-la-clasificacion-a-la-final-de-la-queens-cup\/","title":{"rendered":"Diego Cavanagh habl\u00f3 tras la clasificaci\u00f3n a la final de la Queen&#8217;s Cup"},"content":{"rendered":"<p><strong>La Queen&#8217;s Cup<\/strong> entr\u00f3 en los \u00faltimos d\u00edas de competencia, el pasado mi\u00e9rcoles 10 de junio, se disputaron las semifinales del torneo que aparece en el horizonte de los jugadores; como uno de los trofeos m\u00e1s preciados del calendario. El primer equipo que se meti\u00f3 de cabeza en la final que se disputar\u00e1 el domingo 14, fue<strong> Aureus,<\/strong> que logr\u00f3 vencer en el suplementario a La Dolfina Marqu\u00e9s de Riscal de Poroto Cambiaso.<\/p>\n<p>Una de las figuras en la cancha fue <strong>Diego Cavanagh<\/strong>, el capit\u00e1n del encuentro que lider\u00f3 a su grupo a un hito hist\u00f3rico para la organizaci\u00f3n que proviene de la India. Tras el ag\u00f3nico triunfo, el argentino habl\u00f3 con Pololine y cont\u00f3 como se vivi\u00f3 adentro de la cancha el partido, como es jugar para Aureus y las expectativas que tiene para la gran final de la Queen&#8217;s Cup.<\/p>\n<p><strong>Podes ver la entrevista completa en <a href=\"https:\/\/www.pololine.tv\/queenscupsemi26-dcavanagh\/\">Pololine.tv<\/a><\/strong><\/p>\n","protected":false},"excerpt":{"rendered":"<p>La Queen&#8217;s Cup entr\u00f3 en los \u00faltimos d\u00edas de competencia, el pasado mi\u00e9rcoles 10 de junio, se disputaron las semifinales del torneo que aparece en el horizonte de los jugadores; como uno de los trofeos m\u00e1s preciados del calendario. El primer equipo que se meti\u00f3 de cabeza en la final que se disputar\u00e1 el domingo&nbsp;<\/p>\n<p><a class=\"btn btn-style\" href=\"https:\/\/pololine.slorusso.com\/es\/destacado\/diego-cavanagh-hablo-tras-la-clasificacion-a-la-final-de-la-queens-cup\/\">Continue Reading<\/a><\/p>\n","protected":false},"author":17,"featured_media":156529,"comment_status":"closed","ping_status":"closed","sticky":false,"template":"","format":"standard","meta":{"_mi_skip_tracking":false,"_monsterinsights_sitenote_active":false,"_monsterinsights_sitenote_note":"","_monsterinsights_sitenote_category":0,"footnotes":""},"categories":[527,149],"tags":[622],"class_list":["post-156528","post","type-post","status-publish","format-standard","has-post-thumbnail","hentry","category-destacado","category-entrevistas","tag-diego-cavanagh-con-pololine"],"_links":{"self":[{"href":"https:\/\/pololine.slorusso.com\/es\/wp-json\/wp\/v2\/posts\/156528\/"}],"collection":[{"href":"https:\/\/pololine.slorusso.com\/es\/wp-json\/wp\/v2\/posts\/"}],"about":[{"href":"https:\/\/pololine.slorusso.com\/es\/wp-json\/wp\/v2\/types\/post\/"}],"author":[{"embeddable":true,"href":"https:\/\/pololine.slorusso.com\/es\/wp-json\/wp\/v2\/users\/17\/"}],"replies":[{"embeddable":true,"href":"https:\/\/pololine.slorusso.com\/es\/wp-json\/wp\/v2\/comments\/?post=156528"}],"version-history":[{"count":1,"href":"https:\/\/pololine.slorusso.com\/es\/wp-json\/wp\/v2\/posts\/156528\/revisions\/"}],"predecessor-version":[{"id":156531,"href":"https:\/\/pololine.slorusso.com\/es\/wp-json\/wp\/v2\/posts\/156528\/revisions\/156531\/"}],"wp:featuredmedia":[{"embeddable":true,"href":"https:\/\/pololine.slorusso.com\/es\/wp-json\/wp\/v2\/media\/156529\/"}],"wp:attachment":[{"href":"https:\/\/pololine.slorusso.com\/es\/wp-json\/wp\/v2\/media\/?parent=156528"}],"wp:term":[{"taxonomy":"category","embeddable":true,"href":"https:\/\/pololine.slorusso.com\/es\/wp-json\/wp\/v2\/categories\/?post=156528"},{"taxonomy":"post_tag","embeddable":true,"href":"https:\/\/pololine.slorusso.com\/es\/wp-json\/wp\/v2\/tags\/?post=156528"}],"curies":[{"name":"wp","href":"https:\/\/api.w.org\/{rel}","templated":true}]}}