{"id":26082,"date":"2018-10-19T15:35:45","date_gmt":"2018-10-19T15:35:45","guid":{"rendered":"https:\/\/www.pololine.com\/?p=26082"},"modified":"2018-10-26T21:33:13","modified_gmt":"2018-10-26T21:33:13","slug":"es-un-placer-tener-al-negro-de-lusarreta-en-el-equipo","status":"publish","type":"post","link":"https:\/\/pololine.slorusso.com\/es\/entrevistas\/es-un-placer-tener-al-negro-de-lusarreta-en-el-equipo\/","title":{"rendered":"\u00abEs un placer tener al negro De Lusarreta en el equipo\u00bb"},"content":{"rendered":"<p><span style=\"font-weight: 400;\">Jejo Taranco arranc\u00f3 su temporada argentina 2018 con much\u00edsimas expectativas, que inclu\u00eda, entre otras cosas, su primer Triple Corona de manera completa como titular, se debut como 8 goles en Argentina y la posibilidad de que por primera vez hubiera duelo de uruguayos en el Abierto Argentino. Pero, lamentablemente, y tras una lesi\u00f3n que comenz\u00f3 en el Abierto del Jockey tras una fuerte ca\u00edda, el jugador de La Dolfina Polo Ranch no logr\u00f3 recuperarse del todo y la semana pasada comunic\u00f3 que ser\u00eda baja de manera definitiva para lo que resta del a\u00f1o.<\/span><\/p>\n<p>&nbsp;<\/p>\n<p><span style=\"font-weight: 400;\"><em>\u201cEs un poco el riesgo que asum\u00ed en su momento, de probar e ir mejorando de a poco con la lesi\u00f3n a cuestas, y no me sali\u00f3 bien. As\u00ed que termin\u00e9 de romperme, y me perd\u00ed toda la temporada. En definitiva, jugu\u00e9 s\u00f3lo un partido del Jockey, uno de Tortugas, y despu\u00e9s no pude seguir en el tercero (ya en Hurlingham vs La Aguada). Y bueno, nos vamos a perder eso de jugar en la cancha 1 dos uruguayos, pero haremos todo lo posible para poder hacerlo el a\u00f1o que viene\u201d<\/em>, le cuenta Jejo a Pololine.<\/span><\/p>\n<p>&nbsp;<\/p>\n<p><span style=\"font-weight: 400;\">Y completa: <em>\u201cDe ac\u00e1 al resto de la temporada voy a seguir colaborando con La Dolfina, con La Dolfina Polo Ranch, eso siempre; es la funci\u00f3n que me ha quedado, no puedo hacer mucho m\u00e1s. Y ahora me voy una semana a Sotogrande, que junto algunos d\u00edas libres que tiene el equipo, y despu\u00e9s ya s\u00ed a concentrarnos en hacer todo lo que se pueda desde abajo, que siempre es mucho, que me divierte. La verdad es que siempre hay mucha actividad\u201d<\/em>.<\/span><\/p>\n<p>&nbsp;<\/p>\n<p><span style=\"font-weight: 400;\">El equipo de La Dolfina Polo Ranch tom\u00f3 la decisi\u00f3n de incorporar a Juli\u00e1n de Lusarreta en lugar de Alejo taranco, lo que implic\u00f3 que deb\u00edan ser autorizados formalmente por la Asociaci\u00f3n Argentina de Polo, ya que el de Coronel Su\u00e1rez hab\u00eda comenzado la temporada como jugador titular de Las Monjitas. Finalmente, el ex Chapaleuf\u00fa fue autorizado tambi\u00e9n por los otros 9 equipos participantes de la Triple Corona, y ya disput\u00f3 sus dos primeros partidos con sus nuevos compa\u00f1eros. <em>\u201cContento con lo de hoy (venc\u00edan a La Ensenada) por el equipo y por el <\/em><\/span><em><span style=\"font-weight: 400;\">negro <\/span><\/em><span style=\"font-weight: 400;\"><em>(Juli\u00e1n de Lusarreta); tuvieron una parada brava el otro d\u00eda contra Ellerstina para ser el primer partido de \u00e9l, por los caballos, por todo lo que significa eso. Se nos acopl\u00f3 r\u00e1pido, as\u00ed que contento con eso, por el funcionamiento del equipo. Dentro de todo lo malo que me pas\u00f3, por lo menos es un placer tenerlo a \u00e9l en el equipo, lo necesitamos mucho, nos dijeron que le daban permiso para jugar por suerte\u201d<\/em>, sostiene el uruguayo.<\/span><\/p>\n<p>&nbsp;<\/p>\n<p><span style=\"font-weight: 400;\">Para Alejo Taranco se viene un 2019 m\u00e1s que intenso, y es por eso, entre otras cosas, que sabe que no tiene tiempo para relajarse ni tampoco para bajonearse por lo que le ocurri\u00f3 con respecto a su lesi\u00f3n. Mudanza inclu\u00edda, cuenta: <em>\u201c2019 empiezo en Palm Beach con la 26 goles que organizan Grand Champions y Valiente, en un equipo con Agust\u00edn Nero, Pelon y David Paradice. Y arranco tambien a cumplir un poco de funciones con la organizaci\u00f3n de Cambiaso y Valiente, un poco en todo lo que es el desde afuera de la cancha. Ya tuve que dejar un poco de lado nuestra vida en Sotogrande y mis funciones en Ayala y en Bardon, que ya ten\u00eda un poco todo arreglado para jugar el a\u00f1o que viene. Estoy muy entusiasmado con el proyecto nuevo, pero a la vez con sensaciones encontradas de tener que dejar Sotogrande, que tanto lo disfrutamos con mi familia. Pero ahora a encarar nuevos rumbos\u201d.<\/em><\/span><\/p>\n<p>&nbsp;<\/p>\n<p><span style=\"font-weight: 400;\">Por \u00faltimo, el uruguayo remarca aquello del desaf\u00edo que implica estar cada vez m\u00e1s incorporado a una de las organizaciones de polo m\u00e1s fuertes e importantes del mundo como Valiente: <em>\u201cMediados de abril y mayo venimos para Argentina, y a principios de junio vamos a Denver hasta finales de agosto a hacer un poco el circuito que hacen ellos. Es algo nuevo para m\u00ed, para la familia, pero estamos contentos con los nuevos desaf\u00edos, y creo que tengo mucho para aportar a lo que es la organizaci\u00f3n y estoy encantado de poder hacerlo\u201d. <\/em><\/span><\/p>\n<p>&nbsp;<\/p>\n<p><strong>ENTREVISTA CON JEJO TARANCO (POLOLINE TV)<\/strong><\/p>\n<p>https:\/\/www.pololine.tv\/jejo-taranco-la-dolfina-polo-ranch\/<\/p>\n<p>&nbsp;<\/p>\n","protected":false},"excerpt":{"rendered":"<p>Jejo Taranco arranc\u00f3 su temporada argentina 2018 con much\u00edsimas expectativas, que inclu\u00eda, entre otras cosas, su primer Triple Corona de manera completa como titular, se debut como 8 goles en Argentina y la posibilidad de que por primera vez hubiera duelo de uruguayos en el Abierto Argentino. Pero, lamentablemente, y tras una lesi\u00f3n que comenz\u00f3&nbsp;<\/p>\n<p><a class=\"btn btn-style\" href=\"https:\/\/pololine.slorusso.com\/es\/entrevistas\/es-un-placer-tener-al-negro-de-lusarreta-en-el-equipo\/\">Continue Reading<\/a><\/p>\n","protected":false},"author":4,"featured_media":26084,"comment_status":"closed","ping_status":"closed","sticky":false,"template":"","format":"standard","meta":{"_mi_skip_tracking":false,"_monsterinsights_sitenote_active":false,"_monsterinsights_sitenote_note":"","_monsterinsights_sitenote_category":0,"footnotes":""},"categories":[149],"tags":[685],"class_list":["post-26082","post","type-post","status-publish","format-standard","has-post-thumbnail","hentry","category-entrevistas","tag-jejo-taranco-con-pololine"],"_links":{"self":[{"href":"https:\/\/pololine.slorusso.com\/es\/wp-json\/wp\/v2\/posts\/26082\/"}],"collection":[{"href":"https:\/\/pololine.slorusso.com\/es\/wp-json\/wp\/v2\/posts\/"}],"about":[{"href":"https:\/\/pololine.slorusso.com\/es\/wp-json\/wp\/v2\/types\/post\/"}],"author":[{"embeddable":true,"href":"https:\/\/pololine.slorusso.com\/es\/wp-json\/wp\/v2\/users\/4\/"}],"replies":[{"embeddable":true,"href":"https:\/\/pololine.slorusso.com\/es\/wp-json\/wp\/v2\/comments\/?post=26082"}],"version-history":[{"count":0,"href":"https:\/\/pololine.slorusso.com\/es\/wp-json\/wp\/v2\/posts\/26082\/revisions\/"}],"wp:featuredmedia":[{"embeddable":true,"href":"https:\/\/pololine.slorusso.com\/es\/wp-json\/wp\/v2\/media\/26084\/"}],"wp:attachment":[{"href":"https:\/\/pololine.slorusso.com\/es\/wp-json\/wp\/v2\/media\/?parent=26082"}],"wp:term":[{"taxonomy":"category","embeddable":true,"href":"https:\/\/pololine.slorusso.com\/es\/wp-json\/wp\/v2\/categories\/?post=26082"},{"taxonomy":"post_tag","embeddable":true,"href":"https:\/\/pololine.slorusso.com\/es\/wp-json\/wp\/v2\/tags\/?post=26082"}],"curies":[{"name":"wp","href":"https:\/\/api.w.org\/{rel}","templated":true}]}}