{"id":36545,"date":"2019-03-10T05:30:37","date_gmt":"2019-03-10T05:30:37","guid":{"rendered":"https:\/\/www.pololine.com\/?p=36545"},"modified":"2019-03-14T20:17:33","modified_gmt":"2019-03-14T20:17:33","slug":"es-importante-ir-preparando-gente-y-caballos","status":"publish","type":"post","link":"https:\/\/pololine.slorusso.com\/es\/entrevistas\/es-importante-ir-preparando-gente-y-caballos\/","title":{"rendered":"\u201cEs importante ir preparando gente y caballos\u201d"},"content":{"rendered":"<p><span style=\"font-weight: 400;\">Si bien la temporada argentina de alto h\u00e1ndicap est\u00e1 a\u00fan lejos de comenzar, de a poco la clasificaci\u00f3n va tomando color, con equipos realmente fuertes que buscar\u00e1n meterse en el Abierto Argentino, y un certamen que se perfila como muy parejo.<\/span><\/p>\n<p>&nbsp;<\/p>\n<p><span style=\"font-weight: 400;\">Dentro de este contexto, y ante un crecimiento que viene sosteni\u00e9ndose desde hace varios a\u00f1os, con una cr\u00eda que ha aportado m\u00e1s de 90 caballos en 2018 al Abierto Argentino, por ejemplo, La Irenita ha decidido presentar dos equipos para el certamen clasificatorio al Abierto Argentino. <\/span><\/p>\n<p>&nbsp;<\/p>\n<p><span style=\"font-weight: 400;\"><em>\u201cLamentablemente, el a\u00f1o pasado perdimos nuestro puesto en el Abierto. Pero nos juntamos con el Corchito y decidimos encarar la clasificaci\u00f3n; en octubre daba todo para poder hacerlo. Los chicos hab\u00edan andado bien en la C\u00e1mara; el equipo de M\u00edn Podest\u00e1, Santi Loza y Jacinto Crotto necesitaba a alguien para acompa\u00f1arlos porque iban a encarar la clasificaci\u00f3n tambi\u00e9n. Estamos muy entusiasmados como club y por el proyecto en s\u00ed\u201d<\/em>, comenta Mat\u00edas Mac Donough.<\/span><\/p>\n<p>&nbsp;<\/p>\n<p><span style=\"font-weight: 400;\">Cabe recordar que adem\u00e1s del mencionado buen rendimiento de La Irenita en la Copa C\u00e1mara de Diputados, en donde alcanzaron las semifinales, previo a eso el conjunto compuesto por Santiago Loza, Jacinto Crotto, M\u00edn Podest\u00e1 y Juan Jauretche se coron\u00f3 en la Copa Municipalidad del Pilar. Tres de ellos ser\u00e1n parte de uno de los dos equipos junto a Rodrigo Andrade, mientras que Juan Jauretche integrar\u00e1 la formaci\u00f3n con Mat\u00edas Mac Donough, Tito Ruiz Gui\u00f1az\u00fa y Clemente Zavaleta. \u00a0<\/span><\/p>\n<p>&nbsp;<\/p>\n<p><span style=\"font-weight: 400;\"><em>\u201cLa apuesta de los j\u00f3venes tiene que ver con un cambio generacional, que es l\u00f3gico, y se cae de maduro que hoy ten\u00e9s que ir cambiando; ten\u00e9s que ir rotando, ten\u00e9s que ir sumando gente que pueda llevar a La Irenita a lo m\u00e1s alto posible. Y formar a los chicos desde abajo. Tambi\u00e9n tenemos armado un club de chicos salidos de potrillos, m\u00e1s o menos de esa edad, que est\u00e1 funcionando muy bien. Y desde ah\u00ed es desde donde estamos tratando de arrancar y de formar equipos y formar gente; que se conozcan bien, que tengan buena relaci\u00f3n. Y yo supongo que los resultados van a venir desde ese lado\u201d<\/em>, sostiene el back de La Irenita.<\/span><\/p>\n<p>&nbsp;<\/p>\n<p><span style=\"font-weight: 400;\"><strong>La clasificaci\u00f3n<\/strong> ser\u00e1 realmente competitiva. Tal es as\u00ed, que los equipos que han confirmado su presencia son realmente fuertes, y no se vislumbra un equipo que est\u00e9 por encima del resto. Mat\u00edas Mac Donough, por su parte, se\u00f1ala: <em>\u201cYo creo que vamos a estar ah\u00ed, a la altura del torneo. Todo depende de c\u00f3mo est\u00e9n los caballos. Despu\u00e9s, estando bien organizados, pod\u00e9s tener alg\u00fan error t\u00e1ctico que lo solucion\u00e1s f\u00e1cil. No veo ning\u00fan candidato muy firme. Hoy creo que est\u00e1 muy pareja la clasificaci\u00f3n, hay muy buenos equipos, va a ser un gran torneo\u201d.<\/em><\/span><\/p>\n<p>&nbsp;<\/p>\n<p><span style=\"font-weight: 400;\">Al equipo de j\u00f3venes que se qued\u00f3 con la \u00faltima edici\u00f3n de la <strong>Copa Municipalidad del Pilar<\/strong>, y que estar\u00e1n buscando por primera vez ser parte del Abierto Argentino, se les suma el brasile\u00f1o <strong>Rodrigo Andrade<\/strong>, hombre que viene acompa\u00f1ando a La Dolfina y a Ellerstina en las \u00faltimas temporadas, y que particip\u00f3 del Abierto Argentino en 2017 junto a La Esquina Los Machitos. <em>\u201cCuando vimos la posibilidad de poder incorporar a Rodrigo, m\u00e1s que nada en el equipo de los chicos&#8230;es un fen\u00f3meno en todo sentido. Y creo que les puede dar lo que les est\u00e1 faltando a ellos hoy. Lo estuvimos evaluando con M\u00edn, que tiene muy buena onda con \u00e9l, y Pablo empez\u00f3 a hablar con \u00e9l en Estados Unidos. Se suma a este proyecto, lo va a montar La Irenita, as\u00ed que estamos muy entusiasmados por ese lado\u201d<\/em>, afirma el finalista del Abierto Argentino en 2005 y 2007.<\/span><\/p>\n<p>&nbsp;<\/p>\n<p><span style=\"font-weight: 400;\">La Irenita particip\u00f3 de Palermo por primera vez en 2002. Y tuvieron que pasar 14 a\u00f1os para que el club de la familia Mac Donough se pudiera ganar un lugar en el cuadro principal de Palermo nuevamente. Aquel cuarteto integrado por Mat\u00edas Mac Donough, Tito Ruiz Gui\u00f1az\u00fa, Clemente Zavaleta y Juan Gris Zavaleta super\u00f3 la clasificaci\u00f3n y estuvo muy cerca incluso de vencer a Alegr\u00eda y meterse en semifinales. <em>\u201cCon respecto a los \u00faltimos a\u00f1os nuestros, tuvo mucho que ver el Corchito. Yo ya estaba medio retirado del todo porque ya no me divert\u00eda. Pero me empezaron a aparecer muchos caballos nuevos; vino el Corchito con la propuesta de la C\u00e1mara, y creo que fueron 5 a\u00f1os muy exitosos, donde se lograron dos C\u00e1maras, que es un torneo bien importante. Y despu\u00e9s, dimos el salto al Abierto, jugamos 3. La verdad es que hoy por hoy no nos damos cuenta de lo que hicimos, pero creo que a la larga s\u00ed; por lo que espero que le podamos agregar alg\u00fan Abierto m\u00e1s a esta historia\u201d.<\/em><\/span><\/p>\n<p>&nbsp;<\/p>\n<p><span style=\"font-weight: 400;\">Por \u00faltimo, y ya con una visi\u00f3n m\u00e1s puesta en el futuro y en el planeamiento de <strong>La Irenita como organizaci\u00f3n<\/strong>, el mayor de los Mac Donough, conf\u00eda: <em>\u201cCon Pablo hay algo de lo que venimos hablando. Si quer\u00e9s, yo soy el que m\u00e1s insisto en formar j\u00f3venes; estamos contentos con todo lo que se viene logrando en La Irenita. Y con la cr\u00eda c\u00f3mo est\u00e1 funcionando, y <strong>Pablo<\/strong> muy afianzado en La Dolfina, con muchos caballos nuestros, es algo a lo que hay que darle continuidad. Tambi\u00e9n, <strong>Facu Fern\u00e1ndez Llorente<\/strong>, que est\u00e1 en La Ensenada. Todos los j\u00f3venes que quieran sumarse a nuestro proyecto, son m\u00e1s que bienvenidos\u201d.<\/em><\/span><\/p>\n","protected":false},"excerpt":{"rendered":"<p>Si bien la temporada argentina de alto h\u00e1ndicap est\u00e1 a\u00fan lejos de comenzar, de a poco la clasificaci\u00f3n va tomando color, con equipos realmente fuertes que buscar\u00e1n meterse en el Abierto Argentino, y un certamen que se perfila como muy parejo. &nbsp; Dentro de este contexto, y ante un crecimiento que viene sosteni\u00e9ndose desde hace&nbsp;<\/p>\n<p><a class=\"btn btn-style\" href=\"https:\/\/pololine.slorusso.com\/es\/entrevistas\/es-importante-ir-preparando-gente-y-caballos\/\">Continue Reading<\/a><\/p>\n","protected":false},"author":4,"featured_media":36546,"comment_status":"closed","ping_status":"closed","sticky":false,"template":"","format":"standard","meta":{"_mi_skip_tracking":false,"_monsterinsights_sitenote_active":false,"_monsterinsights_sitenote_note":"","_monsterinsights_sitenote_category":0,"footnotes":""},"categories":[149],"tags":[825],"class_list":["post-36545","post","type-post","status-publish","format-standard","has-post-thumbnail","hentry","category-entrevistas","tag-matias-mac-donough-con-pololine"],"_links":{"self":[{"href":"https:\/\/pololine.slorusso.com\/es\/wp-json\/wp\/v2\/posts\/36545\/"}],"collection":[{"href":"https:\/\/pololine.slorusso.com\/es\/wp-json\/wp\/v2\/posts\/"}],"about":[{"href":"https:\/\/pololine.slorusso.com\/es\/wp-json\/wp\/v2\/types\/post\/"}],"author":[{"embeddable":true,"href":"https:\/\/pololine.slorusso.com\/es\/wp-json\/wp\/v2\/users\/4\/"}],"replies":[{"embeddable":true,"href":"https:\/\/pololine.slorusso.com\/es\/wp-json\/wp\/v2\/comments\/?post=36545"}],"version-history":[{"count":1,"href":"https:\/\/pololine.slorusso.com\/es\/wp-json\/wp\/v2\/posts\/36545\/revisions\/"}],"predecessor-version":[{"id":36548,"href":"https:\/\/pololine.slorusso.com\/es\/wp-json\/wp\/v2\/posts\/36545\/revisions\/36548\/"}],"wp:featuredmedia":[{"embeddable":true,"href":"https:\/\/pololine.slorusso.com\/es\/wp-json\/wp\/v2\/media\/36546\/"}],"wp:attachment":[{"href":"https:\/\/pololine.slorusso.com\/es\/wp-json\/wp\/v2\/media\/?parent=36545"}],"wp:term":[{"taxonomy":"category","embeddable":true,"href":"https:\/\/pololine.slorusso.com\/es\/wp-json\/wp\/v2\/categories\/?post=36545"},{"taxonomy":"post_tag","embeddable":true,"href":"https:\/\/pololine.slorusso.com\/es\/wp-json\/wp\/v2\/tags\/?post=36545"}],"curies":[{"name":"wp","href":"https:\/\/api.w.org\/{rel}","templated":true}]}}