{"id":6208,"date":"2018-03-13T17:32:31","date_gmt":"2018-03-13T17:32:31","guid":{"rendered":"https:\/\/www.pololine.com\/?p=6208"},"modified":"2018-05-24T23:28:19","modified_gmt":"2018-05-24T23:28:19","slug":"pense-que-me-habia-olvidado-de-como-taquear","status":"publish","type":"post","link":"https:\/\/pololine.slorusso.com\/es\/entrevistas\/pense-que-me-habia-olvidado-de-como-taquear\/","title":{"rendered":"\u00abPENS\u00c9 QUE ME HAB\u00cdA OLVIDADO DE C\u00d3MO TAQUEAR\u00bb"},"content":{"rendered":"<p>Sin dudas se trat\u00f3 de la noticia de mayor impacto en el mundo del polo durante el \u00faltimo fin de semana. Y es que Lucas Monteverde, una persona muy querida dentro del ambiente, ex 10 goles, 4 veces campe\u00f3n del Abierto Argentino, volvi\u00f3 a taquear luego de m\u00e1s de un a\u00f1o totalmente alejado de las canchas por un extra\u00f1o s\u00edntoma que lo afect\u00f3 y mucho. Pero m\u00e1s all\u00e1 de la cuesti\u00f3n deportiva, lo m\u00e1s importante es que el dolor que lo aquejaba, aqu\u00e9l que no lo dejaba dormir ni mucho menos caminar, qued\u00f3 totalmente en el pasado. \u00abDespu\u00e9s de un a\u00f1o y un par de meses, volv\u00ed a taquear sin dolor. Estoy contento, recuper\u00e1ndome de a poco; pens\u00e9 que no llegaba m\u00e1s, pero lleg\u00f3\u201d fueron las palabras de Lucas apenas se baj\u00f3 del caballo en el Al Habtoor Polo resort &#038; Club, en Dubai, el pasado s\u00e1bado.<\/p>\n<p>Y cuenta: \u00abLa verdad es que empec\u00e9 realmente a sentir un cambio hace 20 d\u00edas. Antes, ven\u00eda atrancado, sent\u00eda que no avanzaba, y hace 20 d\u00edas empec\u00e9 a curar. Y me siento bien. Empec\u00e9 a montar la semana pasada, hoy debe haber sido la sexta vez que me subo a un caballo. Me sub\u00ed, taque\u00e9, pens\u00e9 que me hab\u00eda olvidado, pero no me olvid\u00e9 (risas)\u00bb.<\/p>\n<p>Pero Lucas Monteverde sabe que a pesar de su favorable evoluci\u00f3n, no es momento de apurarse sino de parar la bocha y tomar decisiones en fr\u00edo, de seguir por el camino correcto. \u00abEstoy borrado de todo calendario. Hace unos meses lo \u00fanico que quer\u00eda era poder dormir y caminar, as\u00ed que ahora con haberme subido a un caballo y haber taqueado estoy chocho. Para 2018 no tengo ning\u00fan plan ni apuro de nada. Voy a dejar que el cuerpo me diga solo\u00bb, remarca el \u00bfex? jugador de Alegr\u00eda.<\/p>\n<p>Lo que le ocurri\u00f3 al de 25 de Mayo no fue una lesi\u00f3n sino algo mucho m\u00e1s grave e incluso algo muy poco frecuente y que se da en casos aislados. Con respecto a su diagn\u00f3stico y a la manera en que el mismo evolucion\u00f3, comenta: \u00abEs una cosa muy rara, se llama condromatosis sinovial. El l\u00edquido sinovial como que se puso duro; es como una carne con arena, se empieza a calcificar el l\u00edquido y es muy dif\u00edcil de diagnosticar porque no se ve en las im\u00e1genes. No es ni gen\u00e9tico ni enfermedad ni nada; los pocos casos que hay se dan en deportistas con una articulaci\u00f3n con mala biomec\u00e1nica, que en mi caso es mi pata chueca, la izquierda, cuando se encuentra bajo mucho stress o golpes\u00bb. <\/p>\n<p>Y prosigue: \u00abYo le ven\u00eda dando y me ven\u00eda doliendo. Mi \u00faltima temporada argentina (2016) la jugu\u00e9 infiltrado y todos los partidos con Oxa B12. Y eso la explot\u00f3. No se sabe bien cu\u00e1ndo y c\u00f3mo pasa, pero la articulaci\u00f3n en un momento dice &#8216;basta\u2019 y hay que limpiarla. Me hice una operaci\u00f3n en febrero, una artroscop\u00eda, ah\u00ed descubrieron lo que era cuando hicieron la biopsia. Pensaron que con lo que me hab\u00edan limpiado ya estaba. Arranqu\u00e9 rehabilitaci\u00f3n y a los dos meses estaba mucho peor que antes y ah\u00ed termine en Estados Unidos. En la \u00faltima operaci\u00f3n me abrieron, me sacaron el f\u00e9mur, me limpiaron todo, me lo volvieron a poner. La articulaci\u00f3n est\u00e1 sana, por eso no la cambiaron, y ahora tengo el l\u00edquido limpio de nuevo. Tendr\u00eda que andar bien y volver a jugar al polo. Tengo que recuperar fuerzas, pero por ahora sin ning\u00fan tipo de compromiso laboral\u00bb.<\/p>\n<p>Por \u00faltimo, se sabe que el deportista, el \u00eddolo, el que sale a jugar una final de Abierto ante un Palermo colmado, vuelve a ser una persona com\u00fan al momento de llegar a su casa con su familia. Y que son ellos los que est\u00e1n siempre ah\u00ed, para festejar sus triunfos y para acompa\u00f1arlo en sus derrotas. Por eso, no se olvida de los que lo acompa\u00f1aron y lo contuvieron en este proceso que desde dentro fue mucho m\u00e1s largo que desde afuera. \u00abPrimero y principal, quiero agradecerle a mi familia, que me ten\u00edan adentro de casa, y que son los que realmente saben lo que pas\u00e9 durante esos meses o ese a\u00f1o, a los chicos y a Loli, mi mujer. No me quiero olvidar de nadie porque fueron varios los que me bancaron: los m\u00e9dicos, Maxi mi entrenador, hay varios\u00bb. <\/p>\n<p><iframe loading=\"lazy\" width=\"100%\" height=\"315\" src=\"https:\/\/www.youtube.com\/embed\/vq0dTfNz-M8\" frameborder=\"0\" allow=\"autoplay; encrypted-media\" allowfullscreen><\/iframe><\/p>\n<p>Fotos por Chino Etcheverry<\/p>\n","protected":false},"excerpt":{"rendered":"<p>Sin dudas se trat\u00f3 de la noticia de mayor impacto en el mundo del polo durante el \u00faltimo fin de semana. Y es que Lucas Monteverde, una persona muy querida dentro del ambiente, ex 10 goles, 4 veces campe\u00f3n del Abierto Argentino, volvi\u00f3 a taquear luego de m\u00e1s de un a\u00f1o totalmente alejado de las&nbsp;<\/p>\n<p><a class=\"btn btn-style\" href=\"https:\/\/pololine.slorusso.com\/es\/entrevistas\/pense-que-me-habia-olvidado-de-como-taquear\/\">Continue Reading<\/a><\/p>\n","protected":false},"author":6,"featured_media":6209,"comment_status":"closed","ping_status":"closed","sticky":false,"template":"","format":"gallery","meta":{"_mi_skip_tracking":false,"_monsterinsights_sitenote_active":false,"_monsterinsights_sitenote_note":"","_monsterinsights_sitenote_category":0,"footnotes":""},"categories":[149],"tags":[277],"class_list":["post-6208","post","type-post","status-publish","format-gallery","has-post-thumbnail","hentry","category-entrevistas","tag-lucas-monteverde-con-pololine","post_format-post-format-gallery"],"_links":{"self":[{"href":"https:\/\/pololine.slorusso.com\/es\/wp-json\/wp\/v2\/posts\/6208\/"}],"collection":[{"href":"https:\/\/pololine.slorusso.com\/es\/wp-json\/wp\/v2\/posts\/"}],"about":[{"href":"https:\/\/pololine.slorusso.com\/es\/wp-json\/wp\/v2\/types\/post\/"}],"author":[{"embeddable":true,"href":"https:\/\/pololine.slorusso.com\/es\/wp-json\/wp\/v2\/users\/6\/"}],"replies":[{"embeddable":true,"href":"https:\/\/pololine.slorusso.com\/es\/wp-json\/wp\/v2\/comments\/?post=6208"}],"version-history":[{"count":0,"href":"https:\/\/pololine.slorusso.com\/es\/wp-json\/wp\/v2\/posts\/6208\/revisions\/"}],"wp:featuredmedia":[{"embeddable":true,"href":"https:\/\/pololine.slorusso.com\/es\/wp-json\/wp\/v2\/media\/6209\/"}],"wp:attachment":[{"href":"https:\/\/pololine.slorusso.com\/es\/wp-json\/wp\/v2\/media\/?parent=6208"}],"wp:term":[{"taxonomy":"category","embeddable":true,"href":"https:\/\/pololine.slorusso.com\/es\/wp-json\/wp\/v2\/categories\/?post=6208"},{"taxonomy":"post_tag","embeddable":true,"href":"https:\/\/pololine.slorusso.com\/es\/wp-json\/wp\/v2\/tags\/?post=6208"}],"curies":[{"name":"wp","href":"https:\/\/api.w.org\/{rel}","templated":true}]}}