{"id":75735,"date":"2020-08-11T23:00:00","date_gmt":"2020-08-11T23:00:00","guid":{"rendered":"https:\/\/www.pololine.com\/?p=75735"},"modified":"2020-08-18T00:26:04","modified_gmt":"2020-08-18T00:26:04","slug":"deauville-la-coupe-dargent-entra-en-zona-de-definicion","status":"publish","type":"post","link":"https:\/\/pololine.slorusso.com\/es\/noticias\/deauville-la-coupe-dargent-entra-en-zona-de-definicion\/","title":{"rendered":"Deauville: La Coupe d&#8217;Argent entra en zona de definici\u00f3n"},"content":{"rendered":"<p><span style=\"font-weight: 400;\">El fin de semana comenz\u00f3 una nueva temporada de polo en Deauville, en lo que es un a\u00f1o muy especial para el club de Normand\u00eda, ya que celebran el 70\u00b0 aniversario de su certamen m\u00e1s prestigioso: la Coupe d\u2019Or. Tras una exhibici\u00f3n el s\u00e1bado, el domingo empez\u00f3 la Coupe d\u2019Argent, con la presencia de cuatro equipos de 16 goles de h\u00e1ndicap.<\/span><\/p>\n<p>&nbsp;<\/p>\n<p><span style=\"font-weight: 400;\">La final est\u00e1 prevista para el domingo 16 de agosto.<\/span><\/p>\n<p>&nbsp;<\/p>\n<p><b>CALENDARIO DEAUVILLE 2020:<\/b><\/p>\n<p><span style=\"font-weight: 400;\">Coupe d\u2019Argent (16 Goles): Agosto 9-16.<\/span><\/p>\n<p><span style=\"font-weight: 400;\">Coupe d\u2019Or (16 Goles): Agosto 15-30.<\/span><\/p>\n<p><span style=\"font-weight: 400;\">Ladies Polo Cup (12 Goles): Agosto 12-15.<\/span><\/p>\n<p><span style=\"font-weight: 400;\">Coupe de Bronze (8 Goles):\u00a0\u00a0<\/span><\/p>\n<p>&nbsp;<\/p>\n<p><b>COUPE D\u2019ARGENT &#8211; PRIMEROS RESULTADOS:<\/b><\/p>\n<p><span style=\"font-weight: 400;\">Marqu\u00e9s de Riscal 10-8 Barriere<\/span><\/p>\n<p><span style=\"font-weight: 400;\">Talandracas 9-6 Marqu\u00e9s de Riscal<\/span><\/p>\n<p><span style=\"font-weight: 400;\">Barriere 8-5 Maison Decale<\/span><\/p>\n<p>&nbsp;<\/p>\n<p><b>LOS EQUIPOS:<\/b><\/p>\n<p><b>MAISON DECALE:<\/b><span style=\"font-weight: 400;\"> Thomas Rolland 2, Pierre Henri N\u2019Goumou 6, Edouard Pan 4, Ramiro Zavaleta 4.<\/span><\/p>\n<p><b>MARQUES DE RISCAL:<\/b><span style=\"font-weight: 400;\"> Alejandro Aznar 0, Luis Aznar 1, Santiago Cernadas 7, Alejandro Muzzio 8.<\/span><\/p>\n<p><b>TALANDRACAS:<\/b><span style=\"font-weight: 400;\"> Edouard Carmignac 0, Fran Elizalde 8, Tito Ruiz Gui\u00f1az\u00fa 7, Nick Rogerson 1.<\/span><\/p>\n<p><b>BARRIERE:<\/b><span style=\"font-weight: 400;\"> Tommy Rinderknecht 0, Jota Chavanne 5, Martin Aguerre 7, Nacho Kennedy 4.<\/span><\/p>\n<p>&nbsp;<\/p>\n<p><b>La acci\u00f3n en Deauville continuar\u00e1 de la siguiente manera:\u00a0<\/b><\/p>\n<p><b>Mi\u00e9rcoles 12 de agosto, comienzo de la Ladies Polo Cup:<\/b><b><br \/>\n<\/b><span style=\"font-weight: 400;\">Le Drakkar vs Brok Cafe<\/span><\/p>\n<p><span style=\"font-weight: 400;\">La Villa sur la Plage vs Maison D\u00e9cal\u00e9\u00a0<\/span><\/p>\n<p><b>Jueves 13, Coupe d\u2019Argent:<\/b><\/p>\n<p><span style=\"font-weight: 400;\">Maison D\u00e9cal\u00e9 vs Talandracas<\/span><b>\u00a0<\/b><\/p>\n<p>&nbsp;<\/p>\n<p><b>LADIES POLO CUP &#8211; LOS EQUIPOS:<\/b><\/p>\n<p><b>LE DRAKKAR: <\/b><span style=\"font-weight: 400;\">Britta Krane-Piltz 0, Marie-Louise Haupt 3, Sabrina Bosch 3, Elena Venot 6.<\/span><\/p>\n<p><b>LA VILLA SUR LA PLAGE: <\/b><span style=\"font-weight: 400;\">Rosanna Turk 5, No\u00e9mie Eisenchteter 1, Caroline Anier 4, Ambre Ploix 2.<\/span><\/p>\n<p><b>MAISON D\u00c9CAL\u00c9: <\/b><span style=\"font-weight: 400;\">Estelle P. England 1, Marion Ambrosetti 1, Rebecca Walters 6, Olivia Uechtritz 4.<\/span><\/p>\n<p><b>BROK CAF\u00c9: <\/b><span style=\"font-weight: 400;\">Margaux Perruchot 2, Lavinia Fabre 3, Ad\u00e8le Renauldon 3, Alice Walsh 4.<\/span><\/p>\n<p>&nbsp;<\/p>\n<p><strong>PHOTO CREDIT: Pascal Renauldon.<\/strong><\/p>\n","protected":false},"excerpt":{"rendered":"<p>El fin de semana comenz\u00f3 una nueva temporada de polo en Deauville, en lo que es un a\u00f1o muy especial para el club de Normand\u00eda, ya que celebran el 70\u00b0 aniversario de su certamen m\u00e1s prestigioso: la Coupe d\u2019Or. Tras una exhibici\u00f3n el s\u00e1bado, el domingo empez\u00f3 la Coupe d\u2019Argent, con la presencia de cuatro&nbsp;<\/p>\n<p><a class=\"btn btn-style\" href=\"https:\/\/pololine.slorusso.com\/es\/noticias\/deauville-la-coupe-dargent-entra-en-zona-de-definicion\/\">Continue Reading<\/a><\/p>\n","protected":false},"author":4,"featured_media":75737,"comment_status":"closed","ping_status":"closed","sticky":false,"template":"","format":"standard","meta":{"_mi_skip_tracking":false,"_monsterinsights_sitenote_active":false,"_monsterinsights_sitenote_note":"","_monsterinsights_sitenote_category":0,"footnotes":""},"categories":[142],"tags":[249],"class_list":["post-75735","post","type-post","status-publish","format-standard","has-post-thumbnail","hentry","category-noticias","tag-polo-en-francia"],"_links":{"self":[{"href":"https:\/\/pololine.slorusso.com\/es\/wp-json\/wp\/v2\/posts\/75735\/"}],"collection":[{"href":"https:\/\/pololine.slorusso.com\/es\/wp-json\/wp\/v2\/posts\/"}],"about":[{"href":"https:\/\/pololine.slorusso.com\/es\/wp-json\/wp\/v2\/types\/post\/"}],"author":[{"embeddable":true,"href":"https:\/\/pololine.slorusso.com\/es\/wp-json\/wp\/v2\/users\/4\/"}],"replies":[{"embeddable":true,"href":"https:\/\/pololine.slorusso.com\/es\/wp-json\/wp\/v2\/comments\/?post=75735"}],"version-history":[{"count":2,"href":"https:\/\/pololine.slorusso.com\/es\/wp-json\/wp\/v2\/posts\/75735\/revisions\/"}],"predecessor-version":[{"id":75742,"href":"https:\/\/pololine.slorusso.com\/es\/wp-json\/wp\/v2\/posts\/75735\/revisions\/75742\/"}],"wp:featuredmedia":[{"embeddable":true,"href":"https:\/\/pololine.slorusso.com\/es\/wp-json\/wp\/v2\/media\/75737\/"}],"wp:attachment":[{"href":"https:\/\/pololine.slorusso.com\/es\/wp-json\/wp\/v2\/media\/?parent=75735"}],"wp:term":[{"taxonomy":"category","embeddable":true,"href":"https:\/\/pololine.slorusso.com\/es\/wp-json\/wp\/v2\/categories\/?post=75735"},{"taxonomy":"post_tag","embeddable":true,"href":"https:\/\/pololine.slorusso.com\/es\/wp-json\/wp\/v2\/tags\/?post=75735"}],"curies":[{"name":"wp","href":"https:\/\/api.w.org\/{rel}","templated":true}]}}